{"id":557,"date":"2022-06-20T17:28:36","date_gmt":"2022-06-20T15:28:36","guid":{"rendered":"http:\/\/lamechante-cie.fr\/?p=557"},"modified":"2026-06-30T17:44:22","modified_gmt":"2026-06-30T15:44:22","slug":"boomerang","status":"publish","type":"post","link":"https:\/\/lamechante-cie.fr\/?p=557","title":{"rendered":"BOOMERANG"},"content":{"rendered":"\n<blockquote class=\"wp-block-quote has-text-align-center is-style-large is-layout-flow wp-block-quote-is-layout-flow\">\n<p class=\"has-medium-font-size\">Homo homini lupus<\/p>\n\n\n\n<p class=\"has-medium-font-size\">L\u2019homme est un loup pour l\u2019homme<\/p>\n<\/blockquote>\n\n\n\n<p class=\"has-text-align-center has-black-color has-text-color\">Seule-en-sc\u00e8ne, une com\u00e9dienne pour quinze personnages \/ satire sociale et familiale \/ Ecriture et interpr\u00e9tation :<strong> <\/strong>Prunelle Giordano \/ Aide \u00e0 la dramaturgie et mise en sc\u00e8ne Carlos Gallegos \/ Tout public \u00e0 partir de 10 ans \/ dur\u00e9e 60 minutes \/ <strong>Spectacle \u00e9ligible au Pass culture<\/strong>.<\/p>\n\n\n\n<hr class=\"wp-block-separator has-alpha-channel-opacity\"\/>\n\n\n\n<p class=\"has-text-align-center has-black-color has-text-color has-link-color has-medium-font-size wp-elements-ad29517ad017ca255e4b58d71bf526a4\"><strong>FESTIVAL OFF Avignon <\/strong><\/p>\n\n\n\n<p class=\"has-text-align-center\">du 4 au 13 juillet inclus (rel\u00e2che le 9 juillet) PRESENCE PASTEUR \u00e0 12h<br>Plein tarif : <strong>18\u20ac<\/strong> &#8211; Tarif abonn\u00e9s : <strong>12\u20ac\u00a0<\/strong> &#8211; Tarif r\u00e9duit : <strong>10\u20ac<\/strong> <br>(CMU, \u00e9tudiants, RSA, demandeur d\u2019emploi, enfants \u2013 de 12 ans)<\/p>\n\n\n\n<div class=\"wp-block-buttons is-content-justification-center is-layout-flex wp-container-core-buttons-is-layout-1 wp-block-buttons-is-layout-flex\">\n<div class=\"wp-block-button has-custom-width wp-block-button__width-50 is-style-outline is-style-outline--1\"><a class=\"wp-block-button__link wp-element-button\" href=\"https:\/\/www.festivaloffavignon.com\/spectacles\/representations\/9016-boomerang\" target=\"_blank\" rel=\"noreferrer noopener\">Billet sur Ticket OFF<\/a><\/div>\n\n\n\n<div class=\"wp-block-button has-custom-width wp-block-button__width-50 is-style-outline is-style-outline--2\"><a class=\"wp-block-button__link wp-element-button\" href=\"https:\/\/presence-pasteur.fr\/boomerang-2026\/\">Billet sur Pr\u00e9sence Pasteur<\/a><\/div>\n<\/div>\n\n\n\n<hr class=\"wp-block-separator has-alpha-channel-opacity\"\/>\n\n\n\n<figure class=\"wp-block-video\"><video controls src=\"https:\/\/lamechante-cie.fr\/wp-content\/uploads\/2022\/06\/BOOMERANG-Teaser-La-Mechante-Cie.mp4\"><\/video><figcaption class=\"wp-element-caption\"><em>Teaser r\u00e9alis\u00e9 par <a href=\"https:\/\/larrachetemps.fr\" data-type=\"link\" data-id=\"https:\/\/larrachetemps.fr\">l&#8217;Arrache temps<\/a><\/em><\/figcaption><\/figure>\n\n\n\n<p class=\"has-black-color has-text-color\" style=\"font-size:22px\"><strong>L&#8217;HISTOIRE<\/strong><\/p>\n\n\n\n<p style=\"font-size:16px\">Tout va bien ! Tout va vraiment bien ?<br>BOOMERANG est une satire familiale, dr\u00f4le et sensible, qui revisite la structure d\u2019 un conte traditionnel bien connu : trois fr\u00e8res, trois maisons, trois fa\u00e7ons radicalement diff\u00e9rentes d\u2019habiter le monde. Du pavillon \u00e0 cr\u00e9dit au cours de yoga, ce spectacle met \u00e0 jour, avec subtilit\u00e9 et humour, les paradoxes de notre soci\u00e9t\u00e9. Ce que raconte ce spectacle, c&#8217;est moins le choc climatique que ce qu&#8217;il r\u00e9v\u00e8le de chacun de nous.<br>Une seule com\u00e9dienne incarne tous les personnages, nous emmenant des Pyr\u00e9n\u00e9es jusqu&#8217;\u00e0 Paris, avec pour seuls accessoires, un tambour et une chaise. Un parti pris audacieux puisque c\u2019est une femme qui interpr\u00e8te des hommes, pour questionner les injonctions \u00e0 la virilit\u00e9.<br>Ce spectacle, raconte moins le choc climatique que ce qu\u2019il r\u00e9v\u00e8le de chacun de nous.Serge, la quarantaine, vient enfin de devenir propri\u00e9taire : une maison aux grandes baies vitr\u00e9es face \u00e0 un magnifique lac d\u2019altitude. Un r\u00eave \u00e0 peine r\u00e9alis\u00e9 et d\u00e9j\u00e0 balay\u00e9 par un Tsunami de lac de montagne\u2026 un \u00e9v\u00e9nement climatique jamais vu de m\u00e9moire d\u2019homme. Une anomalie qui doit bien avoir une explication. <br>Pour la trouver Serge part sur un chemin qui va bouleverser sa vie et ses certitudes.<\/p>\n\n\n\n<figure class=\"wp-block-gallery has-nested-images columns-default is-cropped wp-block-gallery-3 is-layout-flex wp-block-gallery-is-layout-flex\">\n<figure class=\"wp-block-image size-large\"><img loading=\"lazy\" decoding=\"async\" width=\"1024\" height=\"1024\" data-id=\"633\" src=\"https:\/\/lamechante-cie.fr\/wp-content\/uploads\/2023\/02\/INSTA_02-1024x1024.jpg\" alt=\"\" class=\"wp-image-633\" srcset=\"https:\/\/lamechante-cie.fr\/wp-content\/uploads\/2023\/02\/INSTA_02-1024x1024.jpg 1024w, https:\/\/lamechante-cie.fr\/wp-content\/uploads\/2023\/02\/INSTA_02-300x300.jpg 300w, https:\/\/lamechante-cie.fr\/wp-content\/uploads\/2023\/02\/INSTA_02-150x150.jpg 150w, https:\/\/lamechante-cie.fr\/wp-content\/uploads\/2023\/02\/INSTA_02-768x768.jpg 768w, https:\/\/lamechante-cie.fr\/wp-content\/uploads\/2023\/02\/INSTA_02-60x60.jpg 60w, https:\/\/lamechante-cie.fr\/wp-content\/uploads\/2023\/02\/INSTA_02.jpg 1200w\" sizes=\"auto, (max-width: 1024px) 100vw, 1024px\" \/><\/figure>\n\n\n\n<figure class=\"wp-block-image size-large\"><img decoding=\"async\" data-id=\"630\" src=\"https:\/\/lamechante-cie.fr\/wp-content\/uploads\/2023\/02\/INSTA_01-1024x1024.jpg\" alt=\"\" class=\"wp-image-630\"\/><\/figure>\n\n\n\n<figure class=\"wp-block-image size-large\"><img loading=\"lazy\" decoding=\"async\" width=\"1024\" height=\"1024\" data-id=\"629\" src=\"https:\/\/lamechante-cie.fr\/wp-content\/uploads\/2023\/02\/INSTA_03-1024x1024.jpg\" alt=\"\" class=\"wp-image-629\" srcset=\"https:\/\/lamechante-cie.fr\/wp-content\/uploads\/2023\/02\/INSTA_03-1024x1024.jpg 1024w, https:\/\/lamechante-cie.fr\/wp-content\/uploads\/2023\/02\/INSTA_03-300x300.jpg 300w, https:\/\/lamechante-cie.fr\/wp-content\/uploads\/2023\/02\/INSTA_03-150x150.jpg 150w, https:\/\/lamechante-cie.fr\/wp-content\/uploads\/2023\/02\/INSTA_03-768x768.jpg 768w, https:\/\/lamechante-cie.fr\/wp-content\/uploads\/2023\/02\/INSTA_03-60x60.jpg 60w, https:\/\/lamechante-cie.fr\/wp-content\/uploads\/2023\/02\/INSTA_03.jpg 1200w\" sizes=\"auto, (max-width: 1024px) 100vw, 1024px\" \/><\/figure>\n<figcaption class=\"blocks-gallery-caption wp-element-caption\"><em>Cr\u00e9dit photo : Z-studio &#8211; Sortie de Cr\u00e9ation &#8211; R\u00e9sidence Chapiteau Harriet Ba\u00efta, St Jean-de-Luz (64)<\/em><\/figcaption><\/figure>\n\n\n\n<p style=\"font-size:16px\"><br><a href=\"https:\/\/ram05.fr\/podcasts\/la-fureur-de-dire-2024\">Interview de Prunelle Giordano<\/a>, sur le spectacle dans le cadre du Festival, la fureur de dire, avec RAM05.<\/p>\n\n\n\n<figure class=\"wp-block-audio\"><audio controls src=\"https:\/\/lamechante-cie.fr\/wp-content\/uploads\/2024\/11\/2024-10-27_LFD2024-Prunelle_Giordano.mp3\"><\/audio><\/figure>\n\n\n\n<p class=\"has-black-color has-text-color\" style=\"font-size:16px\"><strong>Partenaires <\/strong><br>MOP, Ville de Capbreton (40)<br>Ville de Saint Jean de Luz (64)<br>Atelier du Vivant, F\u00e9lines-Minervois (34)<\/p>\n\n\n\n<p style=\"font-size:16px\"><strong>Cr\u00e9ation : <\/strong>15 octobre 2023 &#8211; <strong>Th\u00e8mes abord\u00e9s :<\/strong> La famille, la ruralit\u00e9, les catastrophes naturelles, l\u2019environnement, l&#8217;homophobie.<\/p>\n\n\n\n<p class=\"has-text-align-center has-black-color has-text-color\" style=\"font-size:16px\"><strong>Retrouvez les dates du spectacle dans la partie <a href=\"https:\/\/lamechante-cie.fr\/?page_id=680\">Agenda<\/a>.<\/strong><\/p>\n\n\n\n<div class=\"wp-block-columns is-layout-flex wp-container-core-columns-is-layout-1 wp-block-columns-is-layout-flex\">\n<div class=\"wp-block-column is-layout-flow wp-block-column-is-layout-flow\" style=\"flex-basis:33.33%\"><\/div>\n\n\n\n<div class=\"wp-block-column is-layout-flow wp-block-column-is-layout-flow\" style=\"flex-basis:66.66%\"><\/div>\n<\/div>\n","protected":false},"excerpt":{"rendered":"<p>Homo homini lupus L\u2019homme est un loup pour l\u2019homme Seule-en-sc\u00e8ne, une com\u00e9dienne pour quinze personnages \/ satire sociale et familiale \/ Ecriture et interpr\u00e9tation : Prunelle Giordano \/ Aide \u00e0 la dramaturgie et mise en sc\u00e8ne Carlos Gallegos \/ Tout public \u00e0 partir de 10 ans \/ dur\u00e9e 60 minutes \/ Spectacle \u00e9ligible au Pass &hellip; <\/p>\n","protected":false},"author":1,"featured_media":915,"comment_status":"closed","ping_status":"open","sticky":false,"template":"","format":"standard","meta":{"footnotes":""},"categories":[33,1,16],"tags":[25,8,21,24,27,26,23,28,22,30,31],"class_list":["post-557","post","type-post","status-publish","format-standard","has-post-thumbnail","hentry","category-seul-en-scene","category-recit","category-tout-public","tag-climat","tag-conte","tag-creation","tag-feminin","tag-incendie","tag-inondation","tag-masculin","tag-megafeux","tag-recit","tag-seule-en-scene","tag-theatre"],"_links":{"self":[{"href":"https:\/\/lamechante-cie.fr\/index.php?rest_route=\/wp\/v2\/posts\/557","targetHints":{"allow":["GET"]}}],"collection":[{"href":"https:\/\/lamechante-cie.fr\/index.php?rest_route=\/wp\/v2\/posts"}],"about":[{"href":"https:\/\/lamechante-cie.fr\/index.php?rest_route=\/wp\/v2\/types\/post"}],"author":[{"embeddable":true,"href":"https:\/\/lamechante-cie.fr\/index.php?rest_route=\/wp\/v2\/users\/1"}],"replies":[{"embeddable":true,"href":"https:\/\/lamechante-cie.fr\/index.php?rest_route=%2Fwp%2Fv2%2Fcomments&post=557"}],"version-history":[{"count":72,"href":"https:\/\/lamechante-cie.fr\/index.php?rest_route=\/wp\/v2\/posts\/557\/revisions"}],"predecessor-version":[{"id":1365,"href":"https:\/\/lamechante-cie.fr\/index.php?rest_route=\/wp\/v2\/posts\/557\/revisions\/1365"}],"wp:featuredmedia":[{"embeddable":true,"href":"https:\/\/lamechante-cie.fr\/index.php?rest_route=\/wp\/v2\/media\/915"}],"wp:attachment":[{"href":"https:\/\/lamechante-cie.fr\/index.php?rest_route=%2Fwp%2Fv2%2Fmedia&parent=557"}],"wp:term":[{"taxonomy":"category","embeddable":true,"href":"https:\/\/lamechante-cie.fr\/index.php?rest_route=%2Fwp%2Fv2%2Fcategories&post=557"},{"taxonomy":"post_tag","embeddable":true,"href":"https:\/\/lamechante-cie.fr\/index.php?rest_route=%2Fwp%2Fv2%2Ftags&post=557"}],"curies":[{"name":"wp","href":"https:\/\/api.w.org\/{rel}","templated":true}]}}